{"id":250759,"date":"2026-04-29T06:51:36","date_gmt":"2026-04-29T10:51:36","guid":{"rendered":"https:\/\/dr1.com\/news\/?p=250759"},"modified":"2026-04-29T08:18:51","modified_gmt":"2026-04-29T12:18:51","slug":"olof-palme-street-to-get-connection-through-los-praditos-slum-area","status":"publish","type":"post","link":"https:\/\/dr1.com\/news\/2026\/04\/29\/olof-palme-street-to-get-connection-through-los-praditos-slum-area\/","title":{"rendered":"Olof Palme Street to connect east-west through Los Praditos slum area"},"content":{"rendered":"\n<div class=\"wp-block-image is-style-default\"><figure class=\"aligncenter size-full\"><img loading=\"lazy\" width=\"600\" height=\"336\" src=\"https:\/\/dr1.com\/news\/wp-content\/uploads\/2026\/04\/Mapa-para-llegar-a-los-Praditos-MIVED.png\" alt=\"\" class=\"wp-image-250789\" srcset=\"https:\/\/dr1.com\/news\/wp-content\/uploads\/2026\/04\/Mapa-para-llegar-a-los-Praditos-MIVED.png 600w, https:\/\/dr1.com\/news\/wp-content\/uploads\/2026\/04\/Mapa-para-llegar-a-los-Praditos-MIVED-300x168.png 300w\" sizes=\"(max-width: 600px) 100vw, 600px\" \/><\/figure><\/div>\n\n\n\n<p>The Ministry of Housing and Edifications (Mivhed) has commenced demolition activities on 9th Street in the Los Praditos slum neighborhood of Santo Domingo. This initiative is part of a broader urban and road integration project designed to enhance traffic mobility and reclaim public spaces within the capital city. The interventions seek to benefit east-west traffic and north-south traffic in the capital city and quality of life in the Los Praditos area. <\/p>\n\n\n\n<p>According to Mivhed, the project offers a structural solution to the increasing congestion and disorganized urban growth that has historically impacted the area\u2019s layout. Housing Minister Victor (Ito) Bison\u00f3 reported that the works are projected to last 18 months with a total investment of RD$150 million.<\/p>\n\n\n\n<p>&#8220;We are reclaiming spaces for the people and ensuring that essential services, such as ambulances or emergency units, can access the area without difficulty,&#8221; Minister Victor (Ito) Bison\u00f3 stated.<\/p>\n\n\n\n<p>The extension of Calle 6 in Los Praditos is a central component of the newly launched &#8220;Los Praditos se Conecta&#8221; project, announced in late April 2026. This initiative aims to complete a vital north-south corridor by linking residential and commercial zones that were previously disconnected by informal urban growth.<\/p>\n\n\n\n<p>The redevelopment plan includes the following key interventions:<br>\u2022 Calle 6 will be connected with the Heriberto N\u00fa\u00f1ez, benefiting east-west traffic.<br>\u2022 Calle 9 and Calle 11: Structural interventions to widen the roadway and improve pedestrian access.<\/p>\n\n\n\n<p>Details of the initial roadworks are:<br>\u2022 Calle 6 extension: The current plan involves the expansion and extension of Calle 6 to facilitate direct access to Avenida Doctor Fernando Alberto Defill\u00f3. This is critical because Calle 6 previously ended abruptly, forcing traffic into narrow, often impassable alleys.<br>\u2022 Heriberto Nu\u00f1ez connection: By unifying and widening internal roads (specifically Streets 9 and 11), the project will enable to connect Avenida Olof Palme with Calle Heriberto N\u00fa\u00f1ez. This creates a bypass that allows vehicles traveling north on Dr. Defill\u00f3 to transition smoothly toward the Kennedy corridor without being diverted to Avenida Winston Churchill or Avenida N\u00fa\u00f1ez de C\u00e1ceres.<br>\u2022 North-South completion: Once fully completed, a driver will be able to take Avenida Dr. Defill\u00f3 (which originates near the Mirador Sur area and Anacaona), pass through the newly widened sections of Los Praditos via Calle 6 and the Heriberto Nu\u00f1ez connection, and emerge directly into the industrial and commercial heart of Avenida John F. Kennedy.<\/p>\n\n\n\n<p>The Mayor of the National District, Carolina Mej\u00eda, highlighted the urban impact of the project, noting that improved connectivity directly correlates to a better quality of life and enhanced commercial access for the local community.<\/p>\n\n\n\n<p>While the project has received general support from local business owners, there are growing concerns regarding the 18-month construction timeline. Miguel Paulino, a local merchant, expressed that while the community recognizes the importance of the expansion, many business owners are seeking financial assistance or formal dialogue with Mivhed to prevent economic insolvency during the works.<\/p>\n\n\n\n<p>Minister Bison\u00f3 indicated that demolitions are currently proceeding progressively, prioritizing properties where legal and financial agreements have already been reached with the owners.<\/p>\n\n\n\n<p>Follow the story in Spanish:<\/p>\n\n\n\n<p><a href=\"https:\/\/www.youtube.com\/shorts\/oKpmLK_r4YY\">Los Praditos se Conecta<\/a><\/p>\n\n\n\n<p><a href=\"https:\/\/www.instagram.com\/reels\/DXWmErPDkbc\/\">Ministry of Housing and Edifications<\/a><br><a href=\"https:\/\/www.diariolibre.com\/actualidad\/ciudad\/2026\/04\/28\/comienzan-en-los-praditos-reordenamiento-urbano\/3517269\">Diario Libre <\/a><br><a href=\"https:\/\/noticiassin.com\/pais\/ciudad\/2026\/04\/29\/mived-inicia-demoliciones-para-ampliar-olof-palme-1988348\/\">Noticias SIN <\/a><br><a href=\"https:\/\/www.youtube.com\/watch?v=SAbgmqUIS54\">RD Desde Arriba 1080 <\/a><\/p>\n\n\n\n<p>29 April 2026<\/p>\n","protected":false},"excerpt":{"rendered":"<p>The Ministry of Housing and Edifications (Mivhed) has commenced demolition activities on 9th Street in the Los Praditos slum neighborhood of Santo Domingo. This initiative is part of a broader urban and road integration project designed to enhance traffic mobility and reclaim public spaces within the capital city. The interventions seek to benefit east-west traffic &hellip; <\/p>\n<p class=\"link-more\"><a href=\"https:\/\/dr1.com\/news\/2026\/04\/29\/olof-palme-street-to-get-connection-through-los-praditos-slum-area\/\" class=\"more-link\">Read more\u2026<\/a><\/p>\n","protected":false},"author":2,"featured_media":0,"comment_status":"closed","ping_status":"closed","sticky":false,"template":"","format":"standard","meta":[],"categories":[340,3],"tags":[],"_links":{"self":[{"href":"https:\/\/dr1.com\/news\/wp-json\/wp\/v2\/posts\/250759"}],"collection":[{"href":"https:\/\/dr1.com\/news\/wp-json\/wp\/v2\/posts"}],"about":[{"href":"https:\/\/dr1.com\/news\/wp-json\/wp\/v2\/types\/post"}],"author":[{"embeddable":true,"href":"https:\/\/dr1.com\/news\/wp-json\/wp\/v2\/users\/2"}],"replies":[{"embeddable":true,"href":"https:\/\/dr1.com\/news\/wp-json\/wp\/v2\/comments?post=250759"}],"version-history":[{"count":6,"href":"https:\/\/dr1.com\/news\/wp-json\/wp\/v2\/posts\/250759\/revisions"}],"predecessor-version":[{"id":250791,"href":"https:\/\/dr1.com\/news\/wp-json\/wp\/v2\/posts\/250759\/revisions\/250791"}],"wp:attachment":[{"href":"https:\/\/dr1.com\/news\/wp-json\/wp\/v2\/media?parent=250759"}],"wp:term":[{"taxonomy":"category","embeddable":true,"href":"https:\/\/dr1.com\/news\/wp-json\/wp\/v2\/categories?post=250759"},{"taxonomy":"post_tag","embeddable":true,"href":"https:\/\/dr1.com\/news\/wp-json\/wp\/v2\/tags?post=250759"}],"curies":[{"name":"wp","href":"https:\/\/api.w.org\/{rel}","templated":true}]}}