{"id":55759,"date":"2014-07-29T18:08:58","date_gmt":"2014-07-29T18:08:58","guid":{"rendered":"http:\/\/dr1.com\/new\/?p=55759"},"modified":"2014-07-29T18:10:58","modified_gmt":"2014-07-29T18:10:58","slug":"mining-up-from-0-48-to-14-82-in-4-years","status":"publish","type":"post","link":"https:\/\/dr1.com\/news\/2014\/07\/29\/mining-up-from-0-48-to-14-82-in-4-years\/","title":{"rendered":"Mining up from 0.48% to 14.82% in 4 years"},"content":{"rendered":"<p> The role of mining to the Dominican economy has grown from 0.48% in 2010 to 14.82% of total exports, according to economist Luis Vargas in a paper presented at the first national seminar on the electricity system, renewable energy and metallic mining. The seminar was sponsored by the science and engineering schools at the INTEC university. <\/p>\n<p> Vargas said that the subsector mining in regards to the GDP and the Economically Active Population is also on the rise. He said the subsectors played a key role the configuration of a new pattern of production, investment and yield. He said this is a generation where &#8220;extractivism&#8221; is taking hold of Latin America where the state receives a greater share of corporate profits and applies laws and policies for environmental conservation, as a result of international conventions and pressure exercised by the communities where the mines are located and the environmental movement. <\/p>\n<blockquote class=\"wp-embedded-content\" data-secret=\"Zq5URNCbii\"><p><a href=\"https:\/\/hoy.com.do\/crece-participacion-de-mineria-en-el-total-de-las-exportaciones-del-pais\/\">Crece participaci\u00f3n de miner\u00eda en el total de las exportaciones del pa\u00eds<\/a><\/p><\/blockquote>\n<p><iframe title=\"&#8220;Crece participaci\u00f3n de miner\u00eda en el total de las exportaciones del pa\u00eds&#8221; &#8212; Hoy Digital\" class=\"wp-embedded-content\" sandbox=\"allow-scripts\" security=\"restricted\" style=\"position: absolute; clip: rect(1px, 1px, 1px, 1px);\" src=\"https:\/\/hoy.com.do\/crece-participacion-de-mineria-en-el-total-de-las-exportaciones-del-pais\/embed\/#?secret=Zq5URNCbii\" data-secret=\"Zq5URNCbii\" width=\"500\" height=\"282\" frameborder=\"0\" marginwidth=\"0\" marginheight=\"0\" scrolling=\"no\"><\/iframe><\/p>\n<p> http:\/\/www.tcoe.org.za\/component\/content\/article\/39-featured-articles\/169-extractives-assembly-world-social-forum-political-declaration-31-march-2013.html<\/p>\n","protected":false},"excerpt":{"rendered":"<p>The role of mining to the Dominican economy has grown from 0.48% in 2010 to 14.82% of total exports, according to economist Luis Vargas in a paper presented at the first national seminar on the electricity system, renewable energy and metallic mining. The seminar was sponsored by the science and engineering schools at the INTEC &hellip; <\/p>\n<p class=\"link-more\"><a href=\"https:\/\/dr1.com\/news\/2014\/07\/29\/mining-up-from-0-48-to-14-82-in-4-years\/\" class=\"more-link\">Read more\u2026<\/a><\/p>\n","protected":false},"author":2,"featured_media":0,"comment_status":"closed","ping_status":"closed","sticky":false,"template":"","format":"standard","meta":[],"categories":[233,3],"tags":[],"_links":{"self":[{"href":"https:\/\/dr1.com\/news\/wp-json\/wp\/v2\/posts\/55759"}],"collection":[{"href":"https:\/\/dr1.com\/news\/wp-json\/wp\/v2\/posts"}],"about":[{"href":"https:\/\/dr1.com\/news\/wp-json\/wp\/v2\/types\/post"}],"author":[{"embeddable":true,"href":"https:\/\/dr1.com\/news\/wp-json\/wp\/v2\/users\/2"}],"replies":[{"embeddable":true,"href":"https:\/\/dr1.com\/news\/wp-json\/wp\/v2\/comments?post=55759"}],"version-history":[{"count":0,"href":"https:\/\/dr1.com\/news\/wp-json\/wp\/v2\/posts\/55759\/revisions"}],"wp:attachment":[{"href":"https:\/\/dr1.com\/news\/wp-json\/wp\/v2\/media?parent=55759"}],"wp:term":[{"taxonomy":"category","embeddable":true,"href":"https:\/\/dr1.com\/news\/wp-json\/wp\/v2\/categories?post=55759"},{"taxonomy":"post_tag","embeddable":true,"href":"https:\/\/dr1.com\/news\/wp-json\/wp\/v2\/tags?post=55759"}],"curies":[{"name":"wp","href":"https:\/\/api.w.org\/{rel}","templated":true}]}}