{"id":73843,"date":"2016-05-11T16:45:28","date_gmt":"2016-05-11T16:45:28","guid":{"rendered":"http:\/\/dr1.com\/new\/?p=73843"},"modified":"2016-05-11T16:45:28","modified_gmt":"2016-05-11T16:45:28","slug":"go-to-work-on-monday","status":"publish","type":"post","link":"https:\/\/dr1.com\/news\/2016\/05\/11\/go-to-work-on-monday\/","title":{"rendered":"Go to work on Monday"},"content":{"rendered":"<p> Administrative Minister of the Presidency Jose Ramon Peralta has clarified that the day after the elections, Monday 16 May 2016, will be a normal working day. He made the announcement to quell the rumors that Monday would be declared a holiday.<\/p>\n<p> He confirmed that the time off is only from noon on Saturday, 14 May to 6am on Monday, 16 May.<\/p>\n<blockquote class=\"wp-embedded-content\" data-secret=\"MuEfsOLftF\"><p><a href=\"https:\/\/eldia.com.do\/peralta-aclara-que-el-proximo-lunes-es-dia-laborable\/\">Peralta aclara que el pr\u00f3ximo lunes es d\u00eda laborable<\/a><\/p><\/blockquote>\n<p><iframe title=\"&#171;Peralta aclara que el pr\u00f3ximo lunes es d\u00eda laborable&#187; &#8212; El D\u00eda\" class=\"wp-embedded-content\" sandbox=\"allow-scripts\" security=\"restricted\" style=\"position: absolute; clip: rect(1px, 1px, 1px, 1px);\" src=\"https:\/\/eldia.com.do\/peralta-aclara-que-el-proximo-lunes-es-dia-laborable\/embed\/#?secret=MuEfsOLftF\" data-secret=\"MuEfsOLftF\" width=\"500\" height=\"282\" frameborder=\"0\" marginwidth=\"0\" marginheight=\"0\" scrolling=\"no\"><\/iframe><\/p>\n","protected":false},"excerpt":{"rendered":"<p>Administrative Minister of the Presidency Jose Ramon Peralta has clarified that the day after the elections, Monday 16 May 2016, will be a normal working day. He made the announcement to quell the rumors that Monday would be declared a holiday. He confirmed that the time off is only from noon on Saturday, 14 May &hellip; <\/p>\n<p class=\"link-more\"><a href=\"https:\/\/dr1.com\/news\/2016\/05\/11\/go-to-work-on-monday\/\" class=\"more-link\">Read more\u2026<\/a><\/p>\n","protected":false},"author":2,"featured_media":0,"comment_status":"open","ping_status":"closed","sticky":false,"template":"","format":"standard","meta":[],"categories":[4,3],"tags":[],"_links":{"self":[{"href":"https:\/\/dr1.com\/news\/wp-json\/wp\/v2\/posts\/73843"}],"collection":[{"href":"https:\/\/dr1.com\/news\/wp-json\/wp\/v2\/posts"}],"about":[{"href":"https:\/\/dr1.com\/news\/wp-json\/wp\/v2\/types\/post"}],"author":[{"embeddable":true,"href":"https:\/\/dr1.com\/news\/wp-json\/wp\/v2\/users\/2"}],"replies":[{"embeddable":true,"href":"https:\/\/dr1.com\/news\/wp-json\/wp\/v2\/comments?post=73843"}],"version-history":[{"count":0,"href":"https:\/\/dr1.com\/news\/wp-json\/wp\/v2\/posts\/73843\/revisions"}],"wp:attachment":[{"href":"https:\/\/dr1.com\/news\/wp-json\/wp\/v2\/media?parent=73843"}],"wp:term":[{"taxonomy":"category","embeddable":true,"href":"https:\/\/dr1.com\/news\/wp-json\/wp\/v2\/categories?post=73843"},{"taxonomy":"post_tag","embeddable":true,"href":"https:\/\/dr1.com\/news\/wp-json\/wp\/v2\/tags?post=73843"}],"curies":[{"name":"wp","href":"https:\/\/api.w.org\/{rel}","templated":true}]}}