{"id":73890,"date":"2016-05-13T15:31:42","date_gmt":"2016-05-13T15:31:42","guid":{"rendered":"http:\/\/dr1.com\/new\/?p=73890"},"modified":"2016-05-13T15:31:42","modified_gmt":"2016-05-13T15:31:42","slug":"rafael-percival-pena-vs-franklin-almeyda-rancier","status":"publish","type":"post","link":"https:\/\/dr1.com\/news\/2016\/05\/13\/rafael-percival-pena-vs-franklin-almeyda-rancier\/","title":{"rendered":"Rafael Percival Pena vs. Franklin Almeyda Rancier"},"content":{"rendered":"<p> Former Minister of Interior and Police Franklin Almeyda Rancier has gone public saying that he would have ordered the shooting of the private plane in which the former air force general flew to distribute leaflets promoting his candidacy for senator across the banned airspace of the Presidential Palace, describing it as an act of terrorism. <\/p>\n<p> The outspoken general responded by saying that the one who should be in jail is the former Minister of Interior and Police and his boss, former President Leonel Fernandez, for corruption. <\/p>\n<p> He said that Almeyda should have stood trial to respond for the millions spent on food and beverages when he was at the Ministry of Interior and Police and for the Harley-Davidson motorcycles he purchased and the breathalyzers and everything that had been spent on the Barrio Seguro security plan.<\/p>\n<p> He also asked why Almeyda had not &#8220;toppled&#8221; the plane in which the son of a Supreme Court of Justice judge brought US$570,000 into the country. He pointed out that although this incident occurred eight years ago, the trial has not taken place and in another two years the charges against the son of judge Rafael Luciano Pichardo, Rafael Alberto Luciano Corominas will expire. <\/p>\n<p> Percival Pena is running for senator for the Partido de la Unidad Nacional (PUN) for the province of Santo Domingo. He defended the flight, saying that while it may have been imprudent, it was an act of dignity. <\/p>\n<blockquote class=\"wp-embedded-content\" data-secret=\"VG3Xxxqczx\"><p><a href=\"https:\/\/www.elcaribe.com.do\/2016\/05\/12\/percival-pregunta-franklin-por-que-tumbo-avion-del-hijo-luciano\/\">P\u00e9rcival le pregunta a Franklin por qu\u00e9 no tumb\u00f3 el avi\u00f3n del hijo de Luciano<\/a><\/p><\/blockquote>\n<p><iframe title=\"&#171;P\u00e9rcival le pregunta a Franklin por qu\u00e9 no tumb\u00f3 el avi\u00f3n del hijo de Luciano&#187; &#8212; Peri\u00f3dico El Caribe - Mereces verdaderas respuestas\" class=\"wp-embedded-content\" sandbox=\"allow-scripts\" security=\"restricted\" style=\"position: absolute; clip: rect(1px, 1px, 1px, 1px);\" src=\"https:\/\/www.elcaribe.com.do\/2016\/05\/12\/percival-pregunta-franklin-por-que-tumbo-avion-del-hijo-luciano\/embed\/#?secret=VG3Xxxqczx\" data-secret=\"VG3Xxxqczx\" width=\"500\" height=\"282\" frameborder=\"0\" marginwidth=\"0\" marginheight=\"0\" scrolling=\"no\"><\/iframe><\/p>\n<blockquote class=\"wp-embedded-content\" data-secret=\"Cl55QOMQku\"><p><a href=\"https:\/\/acento.com.do\/2016\/politica\/8347922-percival-le-devuelve-la-pelota-a-franklin-si-yo-fuera-procurador-el-estaria-preso-por-corrupcion\/\">Percival le devuelve la pelota a Franklin: \u201cSi yo fuera Procurador, \u00e9l estar\u00eda preso por corrupci\u00f3n\u201d<\/a><\/p><\/blockquote>\n<p><iframe title=\"&#171;Percival le devuelve la pelota a Franklin: \u201cSi yo fuera Procurador, \u00e9l estar\u00eda preso por corrupci\u00f3n\u201d&#187; &#8212; Acento\" class=\"wp-embedded-content\" sandbox=\"allow-scripts\" security=\"restricted\" style=\"position: absolute; clip: rect(1px, 1px, 1px, 1px);\" src=\"https:\/\/acento.com.do\/2016\/politica\/8347922-percival-le-devuelve-la-pelota-a-franklin-si-yo-fuera-procurador-el-estaria-preso-por-corrupcion\/embed\/#?secret=Cl55QOMQku\" data-secret=\"Cl55QOMQku\" width=\"500\" height=\"282\" frameborder=\"0\" marginwidth=\"0\" marginheight=\"0\" scrolling=\"no\"><\/iframe><\/p>\n<p> http:\/\/www.diariolibre.com\/noticias\/luciano-pichardo-admite-que-su-hijo-est-involucrado-en-el-caso-de-los-dlares-MXDL14709<\/p>\n","protected":false},"excerpt":{"rendered":"<p>Former Minister of Interior and Police Franklin Almeyda Rancier has gone public saying that he would have ordered the shooting of the private plane in which the former air force general flew to distribute leaflets promoting his candidacy for senator across the banned airspace of the Presidential Palace, describing it as an act of terrorism. &hellip; <\/p>\n<p class=\"link-more\"><a href=\"https:\/\/dr1.com\/news\/2016\/05\/13\/rafael-percival-pena-vs-franklin-almeyda-rancier\/\" class=\"more-link\">Read more\u2026<\/a><\/p>\n","protected":false},"author":2,"featured_media":0,"comment_status":"open","ping_status":"closed","sticky":false,"template":"","format":"standard","meta":[],"categories":[4,3],"tags":[],"_links":{"self":[{"href":"https:\/\/dr1.com\/news\/wp-json\/wp\/v2\/posts\/73890"}],"collection":[{"href":"https:\/\/dr1.com\/news\/wp-json\/wp\/v2\/posts"}],"about":[{"href":"https:\/\/dr1.com\/news\/wp-json\/wp\/v2\/types\/post"}],"author":[{"embeddable":true,"href":"https:\/\/dr1.com\/news\/wp-json\/wp\/v2\/users\/2"}],"replies":[{"embeddable":true,"href":"https:\/\/dr1.com\/news\/wp-json\/wp\/v2\/comments?post=73890"}],"version-history":[{"count":0,"href":"https:\/\/dr1.com\/news\/wp-json\/wp\/v2\/posts\/73890\/revisions"}],"wp:attachment":[{"href":"https:\/\/dr1.com\/news\/wp-json\/wp\/v2\/media?parent=73890"}],"wp:term":[{"taxonomy":"category","embeddable":true,"href":"https:\/\/dr1.com\/news\/wp-json\/wp\/v2\/categories?post=73890"},{"taxonomy":"post_tag","embeddable":true,"href":"https:\/\/dr1.com\/news\/wp-json\/wp\/v2\/tags?post=73890"}],"curies":[{"name":"wp","href":"https:\/\/api.w.org\/{rel}","templated":true}]}}