{"id":95424,"date":"2017-02-07T12:31:48","date_gmt":"2017-02-07T16:31:48","guid":{"rendered":"http:\/\/dr1.com\/new\/?p=95424"},"modified":"2017-02-07T12:31:48","modified_gmt":"2017-02-07T16:31:48","slug":"70-years-of-biennial-art-contests","status":"publish","type":"post","link":"https:\/\/dr1.com\/news\/2017\/02\/07\/70-years-of-biennial-art-contests\/","title":{"rendered":"70 years of Biennial Art Contests"},"content":{"rendered":"<figure id=\"attachment_95426\" aria-describedby=\"caption-attachment-95426\" style=\"width: 300px\" class=\"wp-caption alignleft\"><img loading=\"lazy\" class=\"wp-image-95426 size-medium\" src=\"http:\/\/dr1.com\/new\/wp-content\/uploads\/2017\/02\/Museo-Arte-Moderno-Ministerio-de-Cultura-300x187.png\" width=\"300\" height=\"187\" \/><figcaption id=\"caption-attachment-95426\" class=\"wp-caption-text\">Museo de Arte Moderno \/ Ministerio de Cultura<\/figcaption><\/figure>\n<p>The Museum of Modern Art in Plaza de la Cultura is inviting to an exhibition of the winning works of the National Biennial Art Contest from 1942 to 2015.<\/p>\n<p>The two floor exhibition includes works by the artists:<br \/>\nPaul Giudicelli, Celeste Woss y Gil, Jaime Colson, Yoryi Morel, Clara Ledesma, Antonio Prats Vent\u00f3s, Luichy Mart\u00ednez Richiez, Gilberto Hern\u00e1ndez Ortega. Also Soucy de Pellerano, C\u00e1ndido Bid\u00f3, Fernando Pe\u00f1a Defill\u00f3, Alberto Ulloa, Silvano Lora, Domingo Liz, Guillo P\u00e9rez, Ram\u00f3n Oviedo. And new generation artists Jorge Pineda, Quisqueya Henr\u00edquez, Miguel Ram\u00edrez, Limber Vilorio, Tony Capell\u00e1n, Belkis Ram\u00edrez, Genaro Reyes (Cayuco), Aquiles Azar Billini, Miguelina Rivera, \u00c1ngel Urrely, Radham\u00e9s Mej\u00eda, Polibio D\u00edaz, Ginny Taul\u00e9 and Luis Arias, among others.<\/p>\n<p>Read more in Spanish:<br \/>\n<a href=\"http:\/\/www.diariolibre.com\/revista\/cultura\/70-anos-de-la-bienal-en-expo-permanente-XK6185462\" target=\"_blank\">Diario Libre<\/a><\/p>\n<p>7 February 2017<\/p>\n","protected":false},"excerpt":{"rendered":"<p>The Museum of Modern Art in Plaza de la Cultura is inviting to an exhibition of the winning works of the National Biennial Art Contest from 1942 to 2015. The two floor exhibition includes works by the artists: Paul Giudicelli, Celeste Woss y Gil, Jaime Colson, Yoryi Morel, Clara Ledesma, Antonio Prats Vent\u00f3s, Luichy Mart\u00ednez &hellip; <\/p>\n<p class=\"link-more\"><a href=\"https:\/\/dr1.com\/news\/2017\/02\/07\/70-years-of-biennial-art-contests\/\" class=\"more-link\">Read more\u2026<\/a><\/p>\n","protected":false},"author":2,"featured_media":0,"comment_status":"open","ping_status":"closed","sticky":false,"template":"","format":"standard","meta":[],"categories":[6,3],"tags":[],"_links":{"self":[{"href":"https:\/\/dr1.com\/news\/wp-json\/wp\/v2\/posts\/95424"}],"collection":[{"href":"https:\/\/dr1.com\/news\/wp-json\/wp\/v2\/posts"}],"about":[{"href":"https:\/\/dr1.com\/news\/wp-json\/wp\/v2\/types\/post"}],"author":[{"embeddable":true,"href":"https:\/\/dr1.com\/news\/wp-json\/wp\/v2\/users\/2"}],"replies":[{"embeddable":true,"href":"https:\/\/dr1.com\/news\/wp-json\/wp\/v2\/comments?post=95424"}],"version-history":[{"count":0,"href":"https:\/\/dr1.com\/news\/wp-json\/wp\/v2\/posts\/95424\/revisions"}],"wp:attachment":[{"href":"https:\/\/dr1.com\/news\/wp-json\/wp\/v2\/media?parent=95424"}],"wp:term":[{"taxonomy":"category","embeddable":true,"href":"https:\/\/dr1.com\/news\/wp-json\/wp\/v2\/categories?post=95424"},{"taxonomy":"post_tag","embeddable":true,"href":"https:\/\/dr1.com\/news\/wp-json\/wp\/v2\/tags?post=95424"}],"curies":[{"name":"wp","href":"https:\/\/api.w.org\/{rel}","templated":true}]}}