{"id":96178,"date":"2017-02-24T09:01:21","date_gmt":"2017-02-24T13:01:21","guid":{"rendered":"http:\/\/dr1.com\/new\/?p=96178"},"modified":"2017-02-24T09:01:21","modified_gmt":"2017-02-24T13:01:21","slug":"peralta-says-no-tax-incentive-cuts-for-free-zones","status":"publish","type":"post","link":"https:\/\/dr1.com\/news\/2017\/02\/24\/peralta-says-no-tax-incentive-cuts-for-free-zones\/","title":{"rendered":"Peralta says no tax incentive cuts for free zones"},"content":{"rendered":"<p><img loading=\"lazy\" class=\"alignleft size-medium wp-image-96170\" src=\"http:\/\/dr1.com\/new\/wp-content\/uploads\/2017\/02\/free-zone-Peralta-291x300.png\" alt=\"\" width=\"291\" height=\"300\" \/>Administrative Minister of the Presidency Jos\u00e9 Ram\u00f3n Peralta assured free zone companies that the government will not cut their incentives nor change the rules of the game. In a meeting on Tuesday, 21 February 2017, Peralta said no measures would be taken to limit the competitiveness of free zone companies. He said the Medina government, on the contrary, has intentions to continue to support free zone companies so this sector can be more competitive and create a more jobs over the coming years.<\/p>\n<p>Peralta met in Santiago with the directors of the Santiago Free Zone Corporation, the largest free zone center in the country. Present were businessmen Aquiles Berm\u00fadez, Jos\u00e9 Clase, Luis Jos\u00e9 Bonilla, Donald Dyer, Luis Nilo, Goby Moya, Miguel Lama; Carlos Guillermo N\u00fa\u00f1ez, president of the Asociaci\u00f3n de Comerciantes e Industriales de Santiago (ACIS), F\u00e9lix Garc\u00eda, Juan Jos\u00e9 Batlle and Luis Jos\u00e9 Bonilla, president of the Asociaci\u00f3n de Zona Franca; and Benito Ferreira, rector of the ISA University. Also present were Luisa Fern\u00e1ndez, executive director of the Council for Export Free Zones (CNZFE), among others.<\/p>\n<p>\u201cThe government is your ally and is in the best disposition to collaborate. The idea is to achieve competitiveness goals and allow your companies to be successful and meet the challenges in the present global economy,\u201d stated Peralta.<\/p>\n<p>He said he would take to President Medina the request that the government purchase military and police footwear and uniforms from the free zone industries.<\/p>\n<p>Read more in Spanish:<br \/>\n<a href=\"http:\/\/elnacional.com.do\/peralta-afirma-gobierno-no-variara-reglas-a-zonas-francas\/\" target=\"_blank\">El Nacional<\/a><\/p>\n<p>24 February 2017<\/p>\n","protected":false},"excerpt":{"rendered":"<p>Administrative Minister of the Presidency Jos\u00e9 Ram\u00f3n Peralta assured free zone companies that the government will not cut their incentives nor change the rules of the game. In a meeting on Tuesday, 21 February 2017, Peralta said no measures would be taken to limit the competitiveness of free zone companies. He said the Medina government, &hellip; <\/p>\n<p class=\"link-more\"><a href=\"https:\/\/dr1.com\/news\/2017\/02\/24\/peralta-says-no-tax-incentive-cuts-for-free-zones\/\" class=\"more-link\">Read more\u2026<\/a><\/p>\n","protected":false},"author":2,"featured_media":0,"comment_status":"open","ping_status":"closed","sticky":false,"template":"","format":"standard","meta":[],"categories":[6,3],"tags":[],"_links":{"self":[{"href":"https:\/\/dr1.com\/news\/wp-json\/wp\/v2\/posts\/96178"}],"collection":[{"href":"https:\/\/dr1.com\/news\/wp-json\/wp\/v2\/posts"}],"about":[{"href":"https:\/\/dr1.com\/news\/wp-json\/wp\/v2\/types\/post"}],"author":[{"embeddable":true,"href":"https:\/\/dr1.com\/news\/wp-json\/wp\/v2\/users\/2"}],"replies":[{"embeddable":true,"href":"https:\/\/dr1.com\/news\/wp-json\/wp\/v2\/comments?post=96178"}],"version-history":[{"count":0,"href":"https:\/\/dr1.com\/news\/wp-json\/wp\/v2\/posts\/96178\/revisions"}],"wp:attachment":[{"href":"https:\/\/dr1.com\/news\/wp-json\/wp\/v2\/media?parent=96178"}],"wp:term":[{"taxonomy":"category","embeddable":true,"href":"https:\/\/dr1.com\/news\/wp-json\/wp\/v2\/categories?post=96178"},{"taxonomy":"post_tag","embeddable":true,"href":"https:\/\/dr1.com\/news\/wp-json\/wp\/v2\/tags?post=96178"}],"curies":[{"name":"wp","href":"https:\/\/api.w.org\/{rel}","templated":true}]}}