{"id":96746,"date":"2017-03-10T07:51:21","date_gmt":"2017-03-10T11:51:21","guid":{"rendered":"http:\/\/dr1.com\/new\/?p=96746"},"modified":"2017-03-10T07:51:21","modified_gmt":"2017-03-10T11:51:21","slug":"federico-dominguez-aristy-to-preside-adozona-board","status":"publish","type":"post","link":"https:\/\/dr1.com\/news\/2017\/03\/10\/federico-dominguez-aristy-to-preside-adozona-board\/","title":{"rendered":"Federico Dom\u00ednguez Aristy to preside Adozona board"},"content":{"rendered":"<figure id=\"attachment_96725\" aria-describedby=\"caption-attachment-96725\" style=\"width: 300px\" class=\"wp-caption alignleft\"><img loading=\"lazy\" class=\"size-medium wp-image-96725\" src=\"http:\/\/dr1.com\/new\/wp-content\/uploads\/2017\/03\/Dominguez-Adozona-300x239.png\" alt=\"\" width=\"300\" height=\"239\" \/><figcaption id=\"caption-attachment-96725\" class=\"wp-caption-text\">Federico Dom\u00ednguez<\/figcaption><\/figure>\n<p>The Dominican Free Zone Association (Adozona) announced engineer Federico Dom\u00ednguez Aristy was chosen president of the organization for 2017-2019. Dom\u00ednguez is one of the founders of the Parque Industrial Santiago Norte SA (Pisano) where 32 industries are located. Pisano employs around 6,200 workers.<\/p>\n<p>Other members of the Adozona board are Pedro Manuel Garc\u00eda, Miguel Lama, Ricardo P\u00e9rez, Eduardo Bogaert, Luis Jos\u00e9 Bonilla Bojos, Marco Cabral, Claudia Pellerano and Agustina Est\u00e9vez. Also Gerardo Coto, Augusto Reyes, C\u00e9sar Cabral, Jos\u00e9 Miguel Clase, H\u00e9ctor Tamburini, Mart\u00edn Rivas Capell\u00e1n, Luis Emilio Rodr\u00edguez, Luis Angarita, Celso Marranzini, Tom\u00e1s Oronti, and past presidents Jos\u00e9 Tom\u00e1s Contreras and Aquiles Berm\u00fadez.<\/p>\n<p>The new president of Adozona is a graduate of the Universidad Aut\u00f3noma Metropolitana de M\u00e9xico (UAM), with postgraduate studies in foreign trade and diplomacy from the PUCMM in Santiago. From 2015-2016 he was vice president of the Asociaci\u00f3n Latinoamericana de Zonas Francas (AZFA), of which he is also a founding member. He has been a member of Adozona since 1992, and has served as treasure, secretary and advisor to the board. Since 1994 he has represented the organization in the Customs Committee \/ Adozona-CNZFE.<\/p>\n<p>Read more in Spanish:<br \/>\n<a href=\"http:\/\/elnacional.com.do\/adozona-elige-junta-directores-para-2017-2019\/\" target=\"_blank\">El Nacional<\/a><br \/>\n<a href=\"http:\/\/adozona.org\/\" target=\"_blank\">Adozona<\/a><br \/>\n10 March 2017<\/p>\n","protected":false},"excerpt":{"rendered":"<p>The Dominican Free Zone Association (Adozona) announced engineer Federico Dom\u00ednguez Aristy was chosen president of the organization for 2017-2019. Dom\u00ednguez is one of the founders of the Parque Industrial Santiago Norte SA (Pisano) where 32 industries are located. Pisano employs around 6,200 workers. Other members of the Adozona board are Pedro Manuel Garc\u00eda, Miguel Lama, &hellip; <\/p>\n<p class=\"link-more\"><a href=\"https:\/\/dr1.com\/news\/2017\/03\/10\/federico-dominguez-aristy-to-preside-adozona-board\/\" class=\"more-link\">Read more\u2026<\/a><\/p>\n","protected":false},"author":2,"featured_media":0,"comment_status":"open","ping_status":"closed","sticky":false,"template":"","format":"standard","meta":[],"categories":[6,3],"tags":[],"_links":{"self":[{"href":"https:\/\/dr1.com\/news\/wp-json\/wp\/v2\/posts\/96746"}],"collection":[{"href":"https:\/\/dr1.com\/news\/wp-json\/wp\/v2\/posts"}],"about":[{"href":"https:\/\/dr1.com\/news\/wp-json\/wp\/v2\/types\/post"}],"author":[{"embeddable":true,"href":"https:\/\/dr1.com\/news\/wp-json\/wp\/v2\/users\/2"}],"replies":[{"embeddable":true,"href":"https:\/\/dr1.com\/news\/wp-json\/wp\/v2\/comments?post=96746"}],"version-history":[{"count":0,"href":"https:\/\/dr1.com\/news\/wp-json\/wp\/v2\/posts\/96746\/revisions"}],"wp:attachment":[{"href":"https:\/\/dr1.com\/news\/wp-json\/wp\/v2\/media?parent=96746"}],"wp:term":[{"taxonomy":"category","embeddable":true,"href":"https:\/\/dr1.com\/news\/wp-json\/wp\/v2\/categories?post=96746"},{"taxonomy":"post_tag","embeddable":true,"href":"https:\/\/dr1.com\/news\/wp-json\/wp\/v2\/tags?post=96746"}],"curies":[{"name":"wp","href":"https:\/\/api.w.org\/{rel}","templated":true}]}}