{"id":98389,"date":"2017-04-26T09:36:16","date_gmt":"2017-04-26T13:36:16","guid":{"rendered":"http:\/\/dr1.com\/new\/?p=98389"},"modified":"2017-04-26T09:36:16","modified_gmt":"2017-04-26T13:36:16","slug":"president-medina-flies-to-barahona-to-meet-with-victims-of-flooding","status":"publish","type":"post","link":"https:\/\/dr1.com\/news\/2017\/04\/26\/president-medina-flies-to-barahona-to-meet-with-victims-of-flooding\/","title":{"rendered":"President Medina flies to Barahona to meet with victims of flooding"},"content":{"rendered":"<figure id=\"attachment_98378\" aria-describedby=\"caption-attachment-98378\" style=\"width: 165px\" class=\"wp-caption alignleft\"><img loading=\"lazy\" class=\"size-medium wp-image-98378\" src=\"http:\/\/dr1.com\/new\/wp-content\/uploads\/2017\/04\/Flooding-in-Barahona-Listin-Diario-165x300.jpeg\" alt=\"\" width=\"165\" height=\"300\" \/><figcaption id=\"caption-attachment-98378\" class=\"wp-caption-text\">Flooding in Barahona \/ Listin Diario<\/figcaption><\/figure>\n<p>On Tuesday 25 April 2017, President Danilo Medina flew to the Maria Montez International Airport in Barahona with government officials to meet the local authorities and to see for himself damages caused by heavy rains in the southwestern provinces.<\/p>\n<p>Three people are reported to have died due to flooding in the Enriquillo area in Barahona. The authorities announced they have found the body of 72-year old Esmeraldo P\u00e9rez Turb\u00ed, along with his wife, 51-year old Griselda Cuevas, as well as a person yet to be identified. It is assumed that the victims drowned when the house they lived in, located in El Naranjal de Enriquillo, Barahona, was washed into the San Jimuri River.<\/p>\n<p>Barahona governor, Pedro Pe\u00f1a Rubio said that the rains have been tragic for the area, both to agriculture and the local population. Pe\u00f1a Rubio has asked the government to declare a state of emergency in the area that would trigger special assistance from the government and facilitate expedited procurement contracting.<\/p>\n<p>The President was expected to visit several parts of the province including Polo, Tamayo, Enriquillo, Para\u00edso, Habanero, Pescader\u00eda, Jaquimeyes, El Pe\u00f1\u00f3n, Cabral, among others.<\/p>\n<p>Read more in Spanish:<br \/>\n<a href=\"http:\/\/listindiario.com\/la-republica\/2017\/04\/25\/463295\/danilo-medina-llega-a-barahona-a-supervisar-los-danos-causados-por-las-lluvias\" target=\"_blank\">Listin Diario<\/a><br \/>\n<a href=\"http:\/\/www.elcaribe.com.do\/2017\/04\/25\/recuperan-cadaver-una-las-tres-personas-desaparecidas-municipio-barahona\" target=\"_blank\">El Caribe<\/a><\/p>\n<p>26 April 2017<\/p>\n","protected":false},"excerpt":{"rendered":"<p>On Tuesday 25 April 2017, President Danilo Medina flew to the Maria Montez International Airport in Barahona with government officials to meet the local authorities and to see for himself damages caused by heavy rains in the southwestern provinces. Three people are reported to have died due to flooding in the Enriquillo area in Barahona. &hellip; <\/p>\n<p class=\"link-more\"><a href=\"https:\/\/dr1.com\/news\/2017\/04\/26\/president-medina-flies-to-barahona-to-meet-with-victims-of-flooding\/\" class=\"more-link\">Read more\u2026<\/a><\/p>\n","protected":false},"author":2,"featured_media":0,"comment_status":"open","ping_status":"closed","sticky":false,"template":"","format":"standard","meta":[],"categories":[6,3],"tags":[],"_links":{"self":[{"href":"https:\/\/dr1.com\/news\/wp-json\/wp\/v2\/posts\/98389"}],"collection":[{"href":"https:\/\/dr1.com\/news\/wp-json\/wp\/v2\/posts"}],"about":[{"href":"https:\/\/dr1.com\/news\/wp-json\/wp\/v2\/types\/post"}],"author":[{"embeddable":true,"href":"https:\/\/dr1.com\/news\/wp-json\/wp\/v2\/users\/2"}],"replies":[{"embeddable":true,"href":"https:\/\/dr1.com\/news\/wp-json\/wp\/v2\/comments?post=98389"}],"version-history":[{"count":0,"href":"https:\/\/dr1.com\/news\/wp-json\/wp\/v2\/posts\/98389\/revisions"}],"wp:attachment":[{"href":"https:\/\/dr1.com\/news\/wp-json\/wp\/v2\/media?parent=98389"}],"wp:term":[{"taxonomy":"category","embeddable":true,"href":"https:\/\/dr1.com\/news\/wp-json\/wp\/v2\/categories?post=98389"},{"taxonomy":"post_tag","embeddable":true,"href":"https:\/\/dr1.com\/news\/wp-json\/wp\/v2\/tags?post=98389"}],"curies":[{"name":"wp","href":"https:\/\/api.w.org\/{rel}","templated":true}]}}