{"id":98872,"date":"2017-05-08T08:51:36","date_gmt":"2017-05-08T12:51:36","guid":{"rendered":"http:\/\/dr1.com\/new\/?p=98872"},"modified":"2017-05-08T08:51:36","modified_gmt":"2017-05-08T12:51:36","slug":"roman-catholic-churchs-nuncio-approves-sale-of-property-to-downtown-center","status":"publish","type":"post","link":"https:\/\/dr1.com\/news\/2017\/05\/08\/roman-catholic-churchs-nuncio-approves-sale-of-property-to-downtown-center\/","title":{"rendered":"Roman Catholic Church\u2019s nuncio approves sale of property to Downtown Center"},"content":{"rendered":"<figure id=\"attachment_98874\" aria-describedby=\"caption-attachment-98874\" style=\"width: 291px\" class=\"wp-caption alignleft\"><img loading=\"lazy\" class=\"size-medium wp-image-98874\" src=\"http:\/\/dr1.com\/new\/wp-content\/uploads\/2017\/05\/Jude-Thadeus-Okolo-291x300.png\" alt=\"\" width=\"291\" height=\"300\" \/><figcaption id=\"caption-attachment-98874\" class=\"wp-caption-text\">Vatican nuncio Jude Thaddeus Okolo<\/figcaption><\/figure>\n<p>Vatican nuncio Jude Thaddeus Okolo defended actions taken by retired Cardinal Nicolas Lopez Rodr\u00edguez in which the Roman Catholic Church sold part of its property on Av. N\u00fa\u00f1ez de C\u00e1ceres. The property had originally been set aside for the construction of a seminary. The large Downtown Center is located now on those lands.<\/p>\n<p>The nuncio responded to questioning by Monsignor Miguel Santana Marcano, president of the Tribunal Eclesiastico de la Conferencia del Episcopado, who requested an investigation into the sale of the property and the use of the sale money by the church. The nuncio made his remarks when attending the funeral of Monsignor Amancio Escapa.<\/p>\n<p>The Archdiocese of Santo Domingo said that with part of the funds received for the sale of the Av. N\u00fanez de C\u00e1ceres and Av. R\u00f3mulo Betancourt property they acquired a larger property at Km 14 of Duarte Highway, on the northern side, which is more appropriate for the construction of the church seminary.<\/p>\n<p>It was reported that the remaining funds were used to purchase certificates in the Central Bank and bonds in the BanReservas. The church announced that the Casa Sacerdotal Cardenal Beras would soon begin operating together with the construction of the Seminario Menor Buen Pastor.<\/p>\n<p>Read more in Spanish:<br \/>\n<a href=\"http:\/\/www.listindiario.com\/la-republica\/2017\/05\/07\/464905\/nuncio-dice-cardenal-actuo-correctamente\" target=\"_blank\">Listin Diario<\/a><\/p>\n<p>8 May 2017<\/p>\n","protected":false},"excerpt":{"rendered":"<p>Vatican nuncio Jude Thaddeus Okolo defended actions taken by retired Cardinal Nicolas Lopez Rodr\u00edguez in which the Roman Catholic Church sold part of its property on Av. N\u00fa\u00f1ez de C\u00e1ceres. The property had originally been set aside for the construction of a seminary. The large Downtown Center is located now on those lands. The nuncio &hellip; <\/p>\n<p class=\"link-more\"><a href=\"https:\/\/dr1.com\/news\/2017\/05\/08\/roman-catholic-churchs-nuncio-approves-sale-of-property-to-downtown-center\/\" class=\"more-link\">Read more\u2026<\/a><\/p>\n","protected":false},"author":2,"featured_media":0,"comment_status":"open","ping_status":"closed","sticky":false,"template":"","format":"standard","meta":[],"categories":[6,3],"tags":[],"_links":{"self":[{"href":"https:\/\/dr1.com\/news\/wp-json\/wp\/v2\/posts\/98872"}],"collection":[{"href":"https:\/\/dr1.com\/news\/wp-json\/wp\/v2\/posts"}],"about":[{"href":"https:\/\/dr1.com\/news\/wp-json\/wp\/v2\/types\/post"}],"author":[{"embeddable":true,"href":"https:\/\/dr1.com\/news\/wp-json\/wp\/v2\/users\/2"}],"replies":[{"embeddable":true,"href":"https:\/\/dr1.com\/news\/wp-json\/wp\/v2\/comments?post=98872"}],"version-history":[{"count":0,"href":"https:\/\/dr1.com\/news\/wp-json\/wp\/v2\/posts\/98872\/revisions"}],"wp:attachment":[{"href":"https:\/\/dr1.com\/news\/wp-json\/wp\/v2\/media?parent=98872"}],"wp:term":[{"taxonomy":"category","embeddable":true,"href":"https:\/\/dr1.com\/news\/wp-json\/wp\/v2\/categories?post=98872"},{"taxonomy":"post_tag","embeddable":true,"href":"https:\/\/dr1.com\/news\/wp-json\/wp\/v2\/tags?post=98872"}],"curies":[{"name":"wp","href":"https:\/\/api.w.org\/{rel}","templated":true}]}}