{"id":99728,"date":"2017-05-31T10:41:24","date_gmt":"2017-05-31T14:41:24","guid":{"rendered":"http:\/\/dr1.com\/new\/?p=99728"},"modified":"2017-05-31T10:41:24","modified_gmt":"2017-05-31T14:41:24","slug":"awaiting-immunity-outcome-for-deputy-and-senators","status":"publish","type":"post","link":"https:\/\/dr1.com\/news\/2017\/05\/31\/awaiting-immunity-outcome-for-deputy-and-senators\/","title":{"rendered":"Awaiting immunity outcome for deputy and senators"},"content":{"rendered":"<p>The president of the Chamber of Deputies Lucia Medina has sent the request from the Attorney General asking for the removal of the privileged immunity for the legislator Alfredo Pacheco (PRM-National District) to the disciplinary committee of the Chamber. Pacheco is one of those accused in the Odebrecht bribery scandal.<\/p>\n<p>The commission will hear the request within a 15-day period. The commission is headed by Santiago deputy, Dem\u00f3stenes Mart\u00ednez.<\/p>\n<p>Meanwhile, the president of the Senate, Reinaldo Pared P\u00e9rez, has said that the Senate will hear the request for removal of immunity today, Wednesday 31 May, against Julio C\u00e9sar Valent\u00edn (PLD-Santiago) and Tommy Gal\u00e1n (PLD-San Crist\u00f3bal), also involved in the same case.<\/p>\n<p>Read more in Spanish:<br \/>\n<a href=\"https:\/\/www.diariolibre.com\/noticias\/justicia\/senado-conocera-manana-retiro-de-inmunidad-a-valentin-y-a-galan-AA7211534\" target=\"_blank\">Diario Libre<\/a><br \/>\n<a href=\"http:\/\/listindiario.com\/la-republica\/2017\/05\/30\/468121\/en-15-dias-la-camara-de-diputados-decidira-si-quita-inmunidad-parlamentaria-a-pacheco\" target=\"_blank\">Listin Diario<\/a><\/p>\n<p>31 May 2017<\/p>\n","protected":false},"excerpt":{"rendered":"<p>The president of the Chamber of Deputies Lucia Medina has sent the request from the Attorney General asking for the removal of the privileged immunity for the legislator Alfredo Pacheco (PRM-National District) to the disciplinary committee of the Chamber. Pacheco is one of those accused in the Odebrecht bribery scandal. The commission will hear the &hellip; <\/p>\n<p class=\"link-more\"><a href=\"https:\/\/dr1.com\/news\/2017\/05\/31\/awaiting-immunity-outcome-for-deputy-and-senators\/\" class=\"more-link\">Read more\u2026<\/a><\/p>\n","protected":false},"author":2,"featured_media":0,"comment_status":"open","ping_status":"closed","sticky":false,"template":"","format":"standard","meta":[],"categories":[6,3],"tags":[],"_links":{"self":[{"href":"https:\/\/dr1.com\/news\/wp-json\/wp\/v2\/posts\/99728"}],"collection":[{"href":"https:\/\/dr1.com\/news\/wp-json\/wp\/v2\/posts"}],"about":[{"href":"https:\/\/dr1.com\/news\/wp-json\/wp\/v2\/types\/post"}],"author":[{"embeddable":true,"href":"https:\/\/dr1.com\/news\/wp-json\/wp\/v2\/users\/2"}],"replies":[{"embeddable":true,"href":"https:\/\/dr1.com\/news\/wp-json\/wp\/v2\/comments?post=99728"}],"version-history":[{"count":0,"href":"https:\/\/dr1.com\/news\/wp-json\/wp\/v2\/posts\/99728\/revisions"}],"wp:attachment":[{"href":"https:\/\/dr1.com\/news\/wp-json\/wp\/v2\/media?parent=99728"}],"wp:term":[{"taxonomy":"category","embeddable":true,"href":"https:\/\/dr1.com\/news\/wp-json\/wp\/v2\/categories?post=99728"},{"taxonomy":"post_tag","embeddable":true,"href":"https:\/\/dr1.com\/news\/wp-json\/wp\/v2\/tags?post=99728"}],"curies":[{"name":"wp","href":"https:\/\/api.w.org\/{rel}","templated":true}]}}