{"id":99730,"date":"2017-05-31T10:42:06","date_gmt":"2017-05-31T14:42:06","guid":{"rendered":"http:\/\/dr1.com\/new\/?p=99730"},"modified":"2017-05-31T10:42:06","modified_gmt":"2017-05-31T14:42:06","slug":"senator-pared-perez-boasts-he-is-clean-in-odebrecht-scandal","status":"publish","type":"post","link":"https:\/\/dr1.com\/news\/2017\/05\/31\/senator-pared-perez-boasts-he-is-clean-in-odebrecht-scandal\/","title":{"rendered":"Senator Pared P\u00e9rez boasts he is clean in Odebrecht scandal"},"content":{"rendered":"<figure id=\"attachment_99741\" aria-describedby=\"caption-attachment-99741\" style=\"width: 300px\" class=\"wp-caption alignleft\"><img loading=\"lazy\" class=\"wp-image-99741 size-medium\" src=\"http:\/\/dr1.com\/new\/wp-content\/uploads\/2017\/05\/El-Dia-caricature-300x247.png\" width=\"300\" height=\"247\" \/><figcaption id=\"caption-attachment-99741\" class=\"wp-caption-text\">El Dia caricature<\/figcaption><\/figure>\n<p>\u201cWhat happened is that I walked through the mud, but no mud stuck on me,\u201d said president of the Senate, Reinaldo Pared P\u00e9rez (PLD-National District) when asked to comment on observations from the Revolutionary Modern Party officials that his name should have been on the list of those arrested in the Odebrecht bribery case.<\/p>\n<p>Pared P\u00e9rez also said that he had never refused to be investigated. He added that contrary to what has been speculated that none of those arrested had close ties to President Medina\u2019s faction in the PLD, he said that Tem\u00edstocles Mont\u00e1s, Tommy Gal\u00e1n and Julio C\u00e9sar Valent\u00edn were all \u201cDanilo\u2019s men\u201d.<\/p>\n<p>He went on to say that people just wanted to cause divisions within the ruling Dominican Liberation Party (PLD) that he said was not going to happen.<\/p>\n<p>Read more in Spanish:<br \/>\n<a href=\"http:\/\/listindiario.com\/la-republica\/2017\/05\/30\/468123\/reinaldo-pared-lo-que-pasa-es-que-yo-pase-por-el-lodazal-pero-no-me-enlode\" target=\"_blank\">Listin Diario<\/a><\/p>\n<p>31 May 2017<\/p>\n","protected":false},"excerpt":{"rendered":"<p>\u201cWhat happened is that I walked through the mud, but no mud stuck on me,\u201d said president of the Senate, Reinaldo Pared P\u00e9rez (PLD-National District) when asked to comment on observations from the Revolutionary Modern Party officials that his name should have been on the list of those arrested in the Odebrecht bribery case. Pared &hellip; <\/p>\n<p class=\"link-more\"><a href=\"https:\/\/dr1.com\/news\/2017\/05\/31\/senator-pared-perez-boasts-he-is-clean-in-odebrecht-scandal\/\" class=\"more-link\">Read more\u2026<\/a><\/p>\n","protected":false},"author":2,"featured_media":0,"comment_status":"open","ping_status":"closed","sticky":false,"template":"","format":"standard","meta":[],"categories":[6,3],"tags":[],"_links":{"self":[{"href":"https:\/\/dr1.com\/news\/wp-json\/wp\/v2\/posts\/99730"}],"collection":[{"href":"https:\/\/dr1.com\/news\/wp-json\/wp\/v2\/posts"}],"about":[{"href":"https:\/\/dr1.com\/news\/wp-json\/wp\/v2\/types\/post"}],"author":[{"embeddable":true,"href":"https:\/\/dr1.com\/news\/wp-json\/wp\/v2\/users\/2"}],"replies":[{"embeddable":true,"href":"https:\/\/dr1.com\/news\/wp-json\/wp\/v2\/comments?post=99730"}],"version-history":[{"count":0,"href":"https:\/\/dr1.com\/news\/wp-json\/wp\/v2\/posts\/99730\/revisions"}],"wp:attachment":[{"href":"https:\/\/dr1.com\/news\/wp-json\/wp\/v2\/media?parent=99730"}],"wp:term":[{"taxonomy":"category","embeddable":true,"href":"https:\/\/dr1.com\/news\/wp-json\/wp\/v2\/categories?post=99730"},{"taxonomy":"post_tag","embeddable":true,"href":"https:\/\/dr1.com\/news\/wp-json\/wp\/v2\/tags?post=99730"}],"curies":[{"name":"wp","href":"https:\/\/api.w.org\/{rel}","templated":true}]}}